{"id":5558,"date":"2025-09-01T20:17:08","date_gmt":"2025-09-01T18:17:08","guid":{"rendered":"https:\/\/www.mozambiquelng.co.mz\/strengthening-community-impact-in-northern-mozambique\/"},"modified":"2025-09-04T20:22:35","modified_gmt":"2025-09-04T18:22:35","slug":"strengthening-community-impact-in-northern-mozambique","status":"publish","type":"post","link":"https:\/\/www.mozambiquelng.co.mz\/pt-pt\/strengthening-community-impact-in-northern-mozambique\/","title":{"rendered":"Uma Parceria para o Desenvolvimento Sustent\u00e1vel no Norte de Mo\u00e7ambique"},"content":{"rendered":"\n<div class=\"container mx-auto grid grid-cols-3 gap-x-16 p-6\">\n\n    <div class=\"col-span-3 lg:col-span-2\">\n\n        \n<div class=\"copy\">\n    \n    <div id=\"attachment_5499\" style=\"width: 310px\" class=\"wp-caption alignleft\"><img loading=\"lazy\" decoding=\"async\" aria-describedby=\"caption-attachment-5499\" class=\"size-medium wp-image-5499\" src=\"https:\/\/www.mozambiquelng.co.mz\/wp-content\/uploads\/2025\/09\/TotalEnergiesxADINMOU_17-300x200.jpg\" alt=\"\" width=\"300\" height=\"200\" srcset=\"https:\/\/www.mozambiquelng.co.mz\/wp-content\/uploads\/2025\/09\/TotalEnergiesxADINMOU_17-300x200.jpg 300w, https:\/\/www.mozambiquelng.co.mz\/wp-content\/uploads\/2025\/09\/TotalEnergiesxADINMOU_17-1024x683.jpg 1024w, https:\/\/www.mozambiquelng.co.mz\/wp-content\/uploads\/2025\/09\/TotalEnergiesxADINMOU_17-768x512.jpg 768w, https:\/\/www.mozambiquelng.co.mz\/wp-content\/uploads\/2025\/09\/TotalEnergiesxADINMOU_17-1536x1024.jpg 1536w, https:\/\/www.mozambiquelng.co.mz\/wp-content\/uploads\/2025\/09\/TotalEnergiesxADINMOU_17-2048x1365.jpg 2048w\" sizes=\"auto, (max-width: 300px) 100vw, 300px\" \/><p id=\"caption-attachment-5499\" class=\"wp-caption-text\">Maxime Rabilloud, director-geral da TotalEnergies e Jacinto Loureiro, Presidente da ADIN durante a assinatura do Memorando<\/p><\/div>\n<p><strong>O projecto Mozambique LNG, liderado pela TotalEnergies, tem o prazer de anunciar a assinatura do Memorando de Entendimento com a Ag\u00eancia de Desenvolvimento Integrado do Norte (ADIN), refor\u00e7ando o seu compromisso com o desenvolvimento sustent\u00e1vel e a estabilidade das comunidades em Palma e Moc\u00edmboa da Praia.<\/strong><\/p>\n<p>\u201cQueremos contribuir, atrav\u00e9s da ADIN, para os esfor\u00e7os do Governo na estabiliza\u00e7\u00e3o da vida e do bem-estar das comunidades. Este Memorando marca a nossa inten\u00e7\u00e3o de refor\u00e7ar e expandir o trabalho em curso atrav\u00e9s de uma estrat\u00e9gia mais global liderada pela ADIN,\u201d afirmou Maxime Rabilloud, Director-Geral da TotalEnergies em Mo\u00e7ambique.<\/p>\n<p>Mesmo antes do in\u00edcio da produ\u00e7\u00e3o de g\u00e1s, o Projecto Mozambique LNG j\u00e1 criou mais de 8.500 empregos desde 2022, beneficiando sectores como educa\u00e7\u00e3o, sa\u00fade, agricultura, pesca, biodiversidade e com\u00e9rcio.<\/p>\n<p>Esta parceria foca-se em dois pilares fundamentais nos distritos de Palma e Moc\u00edmboa da Praia:<\/p>\n<ul>\n<li>Cria\u00e7\u00e3o de emprego<\/li>\n<li>Iniciativas de gera\u00e7\u00e3o de renda<\/li>\n<\/ul>\n<p>Estamos empenhados em construir um futuro mais inclusivo e resiliente para as comunidades locais.<\/p>\n\n<\/div>\n\n\n    <\/div>\n\n    <div class=\"col-span-3 lg:col-span-1\">\n\n        \n    <\/div>\n\n<\/div>","protected":false},"excerpt":{"rendered":"","protected":false},"author":8,"featured_media":5500,"comment_status":"closed","ping_status":"closed","sticky":false,"template":"","format":"standard","meta":{"_acf_changed":false,"footnotes":""},"categories":[38],"tags":[89,90,91,92,93,94,95],"class_list":["post-5558","post","type-post","status-publish","format-standard","has-post-thumbnail","hentry","category-investimento-social","tag-adin-2-pt-pt","tag-cabo-delgado-2-pt-pt","tag-jacinto-loureiro-2-pt-pt","tag-maxime-rabilloud-2-pt-pt","tag-mocimboa-da-praia-2-pt-pt","tag-mozambique-lng-2-pt-pt","tag-palma-2-pt-pt"],"acf":[],"yoast_head":"<!-- This site is optimized with the Yoast SEO plugin v25.3.1 - https:\/\/yoast.com\/wordpress\/plugins\/seo\/ -->\n<title>Uma Parceria para o Desenvolvimento Sustent\u00e1vel no Norte de Mo\u00e7ambique - Mozambique LNG Project<\/title>\n<meta name=\"robots\" content=\"index, follow, max-snippet:-1, max-image-preview:large, max-video-preview:-1\" \/>\n<link rel=\"canonical\" href=\"https:\/\/www.mozambiquelng.co.mz\/pt-pt\/strengthening-community-impact-in-northern-mozambique\/\" \/>\n<meta property=\"og:locale\" content=\"pt_PT\" \/>\n<meta property=\"og:type\" content=\"article\" \/>\n<meta property=\"og:title\" content=\"Uma Parceria para o Desenvolvimento Sustent\u00e1vel no Norte de Mo\u00e7ambique - Mozambique LNG Project\" \/>\n<meta property=\"og:url\" content=\"https:\/\/www.mozambiquelng.co.mz\/pt-pt\/strengthening-community-impact-in-northern-mozambique\/\" \/>\n<meta property=\"og:site_name\" content=\"Mozambique LNG Project\" \/>\n<meta property=\"article:published_time\" content=\"2025-09-01T18:17:08+00:00\" \/>\n<meta property=\"article:modified_time\" content=\"2025-09-04T18:22:35+00:00\" \/>\n<meta property=\"og:image\" content=\"https:\/\/www.mozambiquelng.co.mz\/wp-content\/uploads\/2025\/09\/TotalEnergiesxADINMOU_20-scaled.jpg\" \/>\n\t<meta property=\"og:image:width\" content=\"2560\" \/>\n\t<meta property=\"og:image:height\" content=\"1707\" \/>\n\t<meta property=\"og:image:type\" content=\"image\/jpeg\" \/>\n<meta name=\"author\" content=\"Aunorio Simbine\" \/>\n<meta name=\"twitter:card\" content=\"summary_large_image\" \/>\n<meta name=\"twitter:label1\" content=\"Written by\" \/>\n\t<meta name=\"twitter:data1\" content=\"Aunorio Simbine\" \/>\n\t<meta name=\"twitter:label2\" content=\"Est. reading time\" \/>\n\t<meta name=\"twitter:data2\" content=\"1 minuto\" \/>\n<script type=\"application\/ld+json\" class=\"yoast-schema-graph\">{\"@context\":\"https:\/\/schema.org\",\"@graph\":[{\"@type\":\"WebPage\",\"@id\":\"https:\/\/www.mozambiquelng.co.mz\/pt-pt\/strengthening-community-impact-in-northern-mozambique\/\",\"url\":\"https:\/\/www.mozambiquelng.co.mz\/pt-pt\/strengthening-community-impact-in-northern-mozambique\/\",\"name\":\"Uma Parceria para o Desenvolvimento Sustent\u00e1vel no Norte de Mo\u00e7ambique - Mozambique LNG Project\",\"isPartOf\":{\"@id\":\"https:\/\/www.mozambiquelng.co.mz\/pt-pt\/#website\"},\"primaryImageOfPage\":{\"@id\":\"https:\/\/www.mozambiquelng.co.mz\/pt-pt\/strengthening-community-impact-in-northern-mozambique\/#primaryimage\"},\"image\":{\"@id\":\"https:\/\/www.mozambiquelng.co.mz\/pt-pt\/strengthening-community-impact-in-northern-mozambique\/#primaryimage\"},\"thumbnailUrl\":\"https:\/\/www.mozambiquelng.co.mz\/wp-content\/uploads\/2025\/09\/TotalEnergiesxADINMOU_20-scaled.jpg\",\"datePublished\":\"2025-09-01T18:17:08+00:00\",\"dateModified\":\"2025-09-04T18:22:35+00:00\",\"author\":{\"@id\":\"https:\/\/www.mozambiquelng.co.mz\/pt-pt\/#\/schema\/person\/304d3adf7db8c7da13b04f6883d98b88\"},\"breadcrumb\":{\"@id\":\"https:\/\/www.mozambiquelng.co.mz\/pt-pt\/strengthening-community-impact-in-northern-mozambique\/#breadcrumb\"},\"inLanguage\":\"pt-PT\",\"potentialAction\":[{\"@type\":\"ReadAction\",\"target\":[\"https:\/\/www.mozambiquelng.co.mz\/pt-pt\/strengthening-community-impact-in-northern-mozambique\/\"]}]},{\"@type\":\"ImageObject\",\"inLanguage\":\"pt-PT\",\"@id\":\"https:\/\/www.mozambiquelng.co.mz\/pt-pt\/strengthening-community-impact-in-northern-mozambique\/#primaryimage\",\"url\":\"https:\/\/www.mozambiquelng.co.mz\/wp-content\/uploads\/2025\/09\/TotalEnergiesxADINMOU_20-scaled.jpg\",\"contentUrl\":\"https:\/\/www.mozambiquelng.co.mz\/wp-content\/uploads\/2025\/09\/TotalEnergiesxADINMOU_20-scaled.jpg\",\"width\":2560,\"height\":1707,\"caption\":\"Maxime Rabilloud, director-geral da TotalEnergies e Jacinto Loureiro, Presidente da ADIN ap\u00f3s a assinatura do Memorando\"},{\"@type\":\"BreadcrumbList\",\"@id\":\"https:\/\/www.mozambiquelng.co.mz\/pt-pt\/strengthening-community-impact-in-northern-mozambique\/#breadcrumb\",\"itemListElement\":[{\"@type\":\"ListItem\",\"position\":1,\"name\":\"Home\",\"item\":\"https:\/\/www.mozambiquelng.co.mz\/pt-pt\/\"},{\"@type\":\"ListItem\",\"position\":2,\"name\":\"Uma Parceria para o Desenvolvimento Sustent\u00e1vel no Norte de Mo\u00e7ambique\"}]},{\"@type\":\"WebSite\",\"@id\":\"https:\/\/www.mozambiquelng.co.mz\/pt-pt\/#website\",\"url\":\"https:\/\/www.mozambiquelng.co.mz\/pt-pt\/\",\"name\":\"Mozambique LNG Project\",\"description\":\"A long-term commitment with Mozambique\",\"potentialAction\":[{\"@type\":\"SearchAction\",\"target\":{\"@type\":\"EntryPoint\",\"urlTemplate\":\"https:\/\/www.mozambiquelng.co.mz\/pt-pt\/?s={search_term_string}\"},\"query-input\":{\"@type\":\"PropertyValueSpecification\",\"valueRequired\":true,\"valueName\":\"search_term_string\"}}],\"inLanguage\":\"pt-PT\"},{\"@type\":\"Person\",\"@id\":\"https:\/\/www.mozambiquelng.co.mz\/pt-pt\/#\/schema\/person\/304d3adf7db8c7da13b04f6883d98b88\",\"name\":\"Aunorio Simbine\"}]}<\/script>\n<!-- \/ Yoast SEO plugin. -->","yoast_head_json":{"title":"Uma Parceria para o Desenvolvimento Sustent\u00e1vel no Norte de Mo\u00e7ambique - Mozambique LNG Project","robots":{"index":"index","follow":"follow","max-snippet":"max-snippet:-1","max-image-preview":"max-image-preview:large","max-video-preview":"max-video-preview:-1"},"canonical":"https:\/\/www.mozambiquelng.co.mz\/pt-pt\/strengthening-community-impact-in-northern-mozambique\/","og_locale":"pt_PT","og_type":"article","og_title":"Uma Parceria para o Desenvolvimento Sustent\u00e1vel no Norte de Mo\u00e7ambique - Mozambique LNG Project","og_url":"https:\/\/www.mozambiquelng.co.mz\/pt-pt\/strengthening-community-impact-in-northern-mozambique\/","og_site_name":"Mozambique LNG Project","article_published_time":"2025-09-01T18:17:08+00:00","article_modified_time":"2025-09-04T18:22:35+00:00","og_image":[{"width":2560,"height":1707,"url":"https:\/\/www.mozambiquelng.co.mz\/wp-content\/uploads\/2025\/09\/TotalEnergiesxADINMOU_20-scaled.jpg","type":"image\/jpeg"}],"author":"Aunorio Simbine","twitter_card":"summary_large_image","twitter_misc":{"Written by":"Aunorio Simbine","Est. reading time":"1 minuto"},"schema":{"@context":"https:\/\/schema.org","@graph":[{"@type":"WebPage","@id":"https:\/\/www.mozambiquelng.co.mz\/pt-pt\/strengthening-community-impact-in-northern-mozambique\/","url":"https:\/\/www.mozambiquelng.co.mz\/pt-pt\/strengthening-community-impact-in-northern-mozambique\/","name":"Uma Parceria para o Desenvolvimento Sustent\u00e1vel no Norte de Mo\u00e7ambique - Mozambique LNG Project","isPartOf":{"@id":"https:\/\/www.mozambiquelng.co.mz\/pt-pt\/#website"},"primaryImageOfPage":{"@id":"https:\/\/www.mozambiquelng.co.mz\/pt-pt\/strengthening-community-impact-in-northern-mozambique\/#primaryimage"},"image":{"@id":"https:\/\/www.mozambiquelng.co.mz\/pt-pt\/strengthening-community-impact-in-northern-mozambique\/#primaryimage"},"thumbnailUrl":"https:\/\/www.mozambiquelng.co.mz\/wp-content\/uploads\/2025\/09\/TotalEnergiesxADINMOU_20-scaled.jpg","datePublished":"2025-09-01T18:17:08+00:00","dateModified":"2025-09-04T18:22:35+00:00","author":{"@id":"https:\/\/www.mozambiquelng.co.mz\/pt-pt\/#\/schema\/person\/304d3adf7db8c7da13b04f6883d98b88"},"breadcrumb":{"@id":"https:\/\/www.mozambiquelng.co.mz\/pt-pt\/strengthening-community-impact-in-northern-mozambique\/#breadcrumb"},"inLanguage":"pt-PT","potentialAction":[{"@type":"ReadAction","target":["https:\/\/www.mozambiquelng.co.mz\/pt-pt\/strengthening-community-impact-in-northern-mozambique\/"]}]},{"@type":"ImageObject","inLanguage":"pt-PT","@id":"https:\/\/www.mozambiquelng.co.mz\/pt-pt\/strengthening-community-impact-in-northern-mozambique\/#primaryimage","url":"https:\/\/www.mozambiquelng.co.mz\/wp-content\/uploads\/2025\/09\/TotalEnergiesxADINMOU_20-scaled.jpg","contentUrl":"https:\/\/www.mozambiquelng.co.mz\/wp-content\/uploads\/2025\/09\/TotalEnergiesxADINMOU_20-scaled.jpg","width":2560,"height":1707,"caption":"Maxime Rabilloud, director-geral da TotalEnergies e Jacinto Loureiro, Presidente da ADIN ap\u00f3s a assinatura do Memorando"},{"@type":"BreadcrumbList","@id":"https:\/\/www.mozambiquelng.co.mz\/pt-pt\/strengthening-community-impact-in-northern-mozambique\/#breadcrumb","itemListElement":[{"@type":"ListItem","position":1,"name":"Home","item":"https:\/\/www.mozambiquelng.co.mz\/pt-pt\/"},{"@type":"ListItem","position":2,"name":"Uma Parceria para o Desenvolvimento Sustent\u00e1vel no Norte de Mo\u00e7ambique"}]},{"@type":"WebSite","@id":"https:\/\/www.mozambiquelng.co.mz\/pt-pt\/#website","url":"https:\/\/www.mozambiquelng.co.mz\/pt-pt\/","name":"Mozambique LNG Project","description":"A long-term commitment with Mozambique","potentialAction":[{"@type":"SearchAction","target":{"@type":"EntryPoint","urlTemplate":"https:\/\/www.mozambiquelng.co.mz\/pt-pt\/?s={search_term_string}"},"query-input":{"@type":"PropertyValueSpecification","valueRequired":true,"valueName":"search_term_string"}}],"inLanguage":"pt-PT"},{"@type":"Person","@id":"https:\/\/www.mozambiquelng.co.mz\/pt-pt\/#\/schema\/person\/304d3adf7db8c7da13b04f6883d98b88","name":"Aunorio Simbine"}]}},"_links":{"self":[{"href":"https:\/\/www.mozambiquelng.co.mz\/pt-pt\/wp-json\/wp\/v2\/posts\/5558","targetHints":{"allow":["GET"]}}],"collection":[{"href":"https:\/\/www.mozambiquelng.co.mz\/pt-pt\/wp-json\/wp\/v2\/posts"}],"about":[{"href":"https:\/\/www.mozambiquelng.co.mz\/pt-pt\/wp-json\/wp\/v2\/types\/post"}],"author":[{"embeddable":true,"href":"https:\/\/www.mozambiquelng.co.mz\/pt-pt\/wp-json\/wp\/v2\/users\/8"}],"replies":[{"embeddable":true,"href":"https:\/\/www.mozambiquelng.co.mz\/pt-pt\/wp-json\/wp\/v2\/comments?post=5558"}],"version-history":[{"count":2,"href":"https:\/\/www.mozambiquelng.co.mz\/pt-pt\/wp-json\/wp\/v2\/posts\/5558\/revisions"}],"predecessor-version":[{"id":5560,"href":"https:\/\/www.mozambiquelng.co.mz\/pt-pt\/wp-json\/wp\/v2\/posts\/5558\/revisions\/5560"}],"wp:featuredmedia":[{"embeddable":true,"href":"https:\/\/www.mozambiquelng.co.mz\/pt-pt\/wp-json\/wp\/v2\/media\/5500"}],"wp:attachment":[{"href":"https:\/\/www.mozambiquelng.co.mz\/pt-pt\/wp-json\/wp\/v2\/media?parent=5558"}],"wp:term":[{"taxonomy":"category","embeddable":true,"href":"https:\/\/www.mozambiquelng.co.mz\/pt-pt\/wp-json\/wp\/v2\/categories?post=5558"},{"taxonomy":"post_tag","embeddable":true,"href":"https:\/\/www.mozambiquelng.co.mz\/pt-pt\/wp-json\/wp\/v2\/tags?post=5558"}],"curies":[{"name":"wp","href":"https:\/\/api.w.org\/{rel}","templated":true}]}}