{"id":2885,"date":"2023-10-23T11:44:48","date_gmt":"2023-10-23T10:44:48","guid":{"rendered":"https:\/\/mozambiquelng-dev.5thring.co.uk\/press-release\/com-o-apoio-do-projecto-mozambique-lng-cta-firma-acordo-com-associacao-empresarial-francesa-evolen\/"},"modified":"2024-01-31T08:43:16","modified_gmt":"2024-01-31T08:43:16","slug":"com-o-apoio-do-projecto-mozambique-lng-cta-firma-acordo-com-associacao-empresarial-francesa-evolen","status":"publish","type":"press-release","link":"https:\/\/www.mozambiquelng.co.mz\/pt-pt\/comunicado-de-imprensa\/com-o-apoio-do-projecto-mozambique-lng-cta-firma-acordo-com-associacao-empresarial-francesa-evolen\/","title":{"rendered":"Com o apoio do projecto Mozambique LNG: CTA firma acordo com associa\u00e7\u00e3o empresarial francesa EVOLEN"},"content":{"rendered":"\n<div class=\"container mx-auto grid grid-cols-3 gap-x-16 p-6\">\n\n    <div class=\"col-span-3 lg:col-span-2\">\n\n        \n<div class=\"copy\">\n    \n    <div class=\"js-read-more\">\n<div class=\"text-rte\">\n<p>O Projecto Mozambique LNG, operado pela TotalEnergies EP Mozambique Area 1 Limitada, em colabora\u00e7\u00e3o com a Confedera\u00e7\u00e3o das Associa\u00e7\u00f5es Econ\u00f3micas de Mo\u00e7ambique (CTA) e a associa\u00e7\u00e3o empresarial francesa EVOLEN, realizou hoje, em Paris &#8211; Fran\u00e7a, a segunda edi\u00e7\u00e3o do Programa de Parcerias Empresariais Mo\u00e7ambique \u2013 Fran\u00e7a, marcada pela assinatura de um memorando de entendimento entre a CTA e a EVOLEN e pelo semin\u00e1rio de partilha de informa\u00e7\u00e3o e experi\u00eancias entre empresas mo\u00e7ambicanas e francesas. Mais de 40 empresas de ambos os pa\u00edses participaram neste evento.<\/p>\n<p>O memorando entre a CTA e a EVOLEN, que visa fomentar, facilitar e promover a coopera\u00e7\u00e3o entre agentes econ\u00f3micos e institui\u00e7\u00f5es mo\u00e7ambicanas e francesas, abrange a partilha de informa\u00e7\u00e3o de car\u00e1cter cient\u00edfico, t\u00e9cnico e econ\u00f3mico, o estabelecimento de parcerias na esfera industrial, tecnol\u00f3gica e comercial, bem como o incentivo ao desenvolvimento de oportunidades de neg\u00f3cio e cadeias de fornecimento.<\/p>\n<p>O semin\u00e1rio constituiu uma oportunidade para encontros bilaterais e multilaterais entre empres\u00e1rios nacionais e estrangeiros, que partilharam informa\u00e7\u00e3o e experi\u00eancias em particular nas \u00e1reas das energias, de log\u00edstica e transportes, constru\u00e7\u00e3o civil e presta\u00e7\u00e3o de servi\u00e7os gerais.<\/p>\n<p>Agostinho Vuma, Presidente da CTA, afirmou que \u201ceste memorando de entendimento entre a CTA e a EVOLEN constitui um marco importante na troca de informa\u00e7\u00e3o, realiza\u00e7\u00e3o de eventos anuais em Mo\u00e7ambique e Fran\u00e7a, e na formaliza\u00e7\u00e3o do relacionamento entre o empresariado mo\u00e7ambicano e franc\u00eas. Esperamos que facilite a identifica\u00e7\u00e3o e desenvolvimento de parcerias de neg\u00f3cios mutuamente vantajosas, capazes de refor\u00e7ar a capacidade de empresas mo\u00e7ambicanas de se inserirem no mercado global e beneficiarem das enormes oportunidades que v\u00e3o surgir no pa\u00eds, em particular com o desenvolvimento dos projectos de g\u00e1s e energia.\u201d<\/p>\n<p>Para o Presidente da Evolen, Jean Cahuzac, \u201ceste segundo f\u00f3rum de neg\u00f3cios confirma o que n\u00f3s tinamos visto no primeiro f\u00f3rum, em Abril passado: as perspectivas para Mo\u00e7ambique s\u00e3o muito positivas. Mo\u00e7ambique tem todos os ingredientes para atrair investimentos e transfer\u00eancia de tecnologias vindos de Fran\u00e7a. H\u00e1 uma vis\u00e3o de longo prazo com os projectos de LNG, que v\u00e3o durar dezenas de anos, e h\u00e1 uma pol\u00edtica que visa garantir o conte\u00fado local, preconizando parcerias e investimentos no pa\u00eds para garantir o longo prazo. Temos todas as raz\u00f5es para estar optimistas e confiantes no sucesso. Neste sentido, o memorando que assin\u00e1mos com a CTA \u00e9 particularmente importante, porque cri\u00e1mos um quadro geral para construir o futuro. \u00c9 importante, pois, que fa\u00e7amos o seguimento do memorando para desenvolvermos ac\u00e7\u00f5es concretas\u201d.<\/p>\n<p>Leonardo Nhavoto, Gestor de conte\u00fado local da TotalEnergies EP Mozambique Area 1 Limitada, afirmou: \u201cEstamos particularmente satisfeitos com esta segunda edi\u00e7\u00e3o do programa de parcerias empresariais Mo\u00e7ambique &#8211; Fran\u00e7a, pois sentimos que continuamos a avan\u00e7ar qualitativamente na implementa\u00e7\u00e3o da nossa estrat\u00e9gia para a maximiza\u00e7\u00e3o do conte\u00fado local. O memorando entre o CTA e a EVOLEN reafirma o estreitamento da rela\u00e7\u00e3o entre o empresariado mo\u00e7ambicano e franc\u00eas, permitindo maior partilha de inova\u00e7\u00f5es industriais, experi\u00eancias comerciais e boas pr\u00e1ticas empresarias, fomentando um ambiente prop\u00edcio para o desenvolvimento de neg\u00f3cios na ind\u00fastria de petr\u00f3leo e g\u00e1s em Mo\u00e7ambique. Em harmonia com a vis\u00e3o do projecto Mozambique LNG, continuaremos a trabalhar para contribuir para materializar oportunidades, como a que se concretizou com a Evolen, envolvendo empresas, associa\u00e7\u00f5es e comunidades empresariais de outros pa\u00edses.\u201d<\/p>\n<p>&nbsp;<\/p>\n<\/div>\n<\/div>\n<div class=\"paragraphs-items paragraphs-items-field-mega-gabarit-content paragraphs-items-field-mega-gabarit-content-full paragraphs-items-full mega-gabarit-content\">\n<div class=\"container-white container-mg clearfix parent\" data-position=\"1\">\n<div class=\"inner clearfix\">\n<div class=\"mega-gabarit mega_gabarit_text_bundle text-rte \">\n<div class=\"in-text-rte\"><\/div>\n<\/div>\n<\/div>\n<\/div>\n<\/div>\n\n<\/div>\n\n\n    <h2 class=\"mt-8 mb-4\">Sobre o projecto Mozambique LNG<\/h2>\n\n<div class=\"copy\">\n    \n    <p>O projecto Mozambique LNG \u00e9 o primeiro desenvolvimento em terra de uma f\u00e1brica de g\u00e1s natural liquefeito (GNL) no pa\u00eds. O projecto inclui o desenvolvimento dos campos Golfinho e Atum, localizados na \u00c1rea 1 Offshore, e a constru\u00e7\u00e3o de uma f\u00e1brica com duas unidades de liquefa\u00e7\u00e3o com capacidade de 13,12 milh\u00f5es de toneladas por ano (MTPA). A \u00c1rea 1 cont\u00e9m aproximadamente at\u00e9 65 Tcf de recursos de g\u00e1s, dos quais 18 Tcf ser\u00e3o desenvolvidos com as duas primeiras unidades de liquefa\u00e7\u00e3o.<\/p>\n<p>A TotalEnergies EP Mozambique Area 1 Limitada, subsidi\u00e1ria detida a 100% pela TotalEnergies SE, opera o projecto Mozambique LNG com uma participa\u00e7\u00e3o de 26,5%, juntamente com a Mitsui E&amp;P Mozambique Area1 Limited (20%), a ENH Rovuma \u00c1rea 1, S.A. (15%), ONGC Videsh Rovuma Limited (10%), Beas Rovuma Energy Mozambique Limited (10%), BPRL Ventures Mozambique B.V. (10%), e PTTEP Mozambique Area 1 Limited (8.5%).<\/p>\n\n<\/div>\n\n\n    <h2 class=\"mt-8 mb-4\">Sobre a TotalEnergies<\/h2>\n\n<div class=\"copy\">\n    \n    <p>A TotalEnergies \u00e9 uma empresa multi-energias mundial de produ\u00e7\u00e3o e comercializa\u00e7\u00e3o de energias: petr\u00f3leo e biocombust\u00edveis, g\u00e1s natural e gases verdes, energias renov\u00e1veis e electricidade. Os seus mais de 100.000 colaboradores est\u00e3o comprometidos com uma energia cada vez mais econ\u00f3mica, mais limpa, mais fi\u00e1vel e acess\u00edvel ao maior n\u00famero de pessoas poss\u00edvel. Presente em mais de 130 pa\u00edses, a TotalEnergies coloca o desenvolvimento sustent\u00e1vel em todas as suas dimens\u00f5es no centro dos seus projectos e opera\u00e7\u00f5es para contribuir com o bem-estar das pessoas.<\/p>\n\n<\/div>\n\n\n    <h2 class=\"mt-8 mb-4\">Contactos<\/h2>\n\n<div class=\"copy\">\n    \n    <p><strong>Rela\u00e7\u00f5es com a Imprensa:<\/strong><\/p>\n<p><strong>H\u00e9lder Ossemane<\/strong> &#8211; +258 82 323 4200, <a href=\"mailto:helder.ossemane@external.totalenergies.com\">helder.ossemane@external.totalenergies.com<\/a><\/p>\n\n<\/div>\n\n\n    <\/div>\n\n    <div class=\"col-span-3 lg:col-span-1\">\n\n        \n    <\/div>\n\n<\/div>","protected":false},"excerpt":{"rendered":"","protected":false},"featured_media":2493,"template":"","meta":{"_acf_changed":false},"categories":[31],"tags":[],"class_list":["post-2885","press-release","type-press-release","status-publish","has-post-thumbnail","hentry","category-conteudo-local"],"acf":[],"yoast_head":"<!-- This site is optimized with the Yoast SEO plugin v25.3.1 - https:\/\/yoast.com\/wordpress\/plugins\/seo\/ -->\n<title>Com o apoio do projecto Mozambique LNG: CTA firma acordo com associa\u00e7\u00e3o empresarial francesa EVOLEN - Mozambique LNG Project<\/title>\n<meta name=\"robots\" content=\"index, follow, max-snippet:-1, max-image-preview:large, max-video-preview:-1\" \/>\n<link rel=\"canonical\" href=\"https:\/\/www.mozambiquelng.co.mz\/pt-pt\/comunicado-de-imprensa\/com-o-apoio-do-projecto-mozambique-lng-cta-firma-acordo-com-associacao-empresarial-francesa-evolen\/\" \/>\n<meta property=\"og:locale\" content=\"pt_PT\" \/>\n<meta property=\"og:type\" content=\"article\" \/>\n<meta property=\"og:title\" content=\"Com o apoio do projecto Mozambique LNG: CTA firma acordo com associa\u00e7\u00e3o empresarial francesa EVOLEN - Mozambique LNG Project\" \/>\n<meta property=\"og:url\" content=\"https:\/\/www.mozambiquelng.co.mz\/pt-pt\/comunicado-de-imprensa\/com-o-apoio-do-projecto-mozambique-lng-cta-firma-acordo-com-associacao-empresarial-francesa-evolen\/\" \/>\n<meta property=\"og:site_name\" content=\"Mozambique LNG Project\" \/>\n<meta property=\"article:modified_time\" content=\"2024-01-31T08:43:16+00:00\" \/>\n<meta property=\"og:image\" content=\"https:\/\/www.mozambiquelng.co.mz\/wp-content\/uploads\/2023\/10\/Assinatura-de-memorando.jpg\" \/>\n\t<meta property=\"og:image:width\" content=\"1732\" \/>\n\t<meta property=\"og:image:height\" content=\"1154\" \/>\n\t<meta property=\"og:image:type\" content=\"image\/jpeg\" \/>\n<meta name=\"twitter:card\" content=\"summary_large_image\" \/>\n<script type=\"application\/ld+json\" class=\"yoast-schema-graph\">{\"@context\":\"https:\/\/schema.org\",\"@graph\":[{\"@type\":\"WebPage\",\"@id\":\"https:\/\/www.mozambiquelng.co.mz\/pt-pt\/comunicado-de-imprensa\/com-o-apoio-do-projecto-mozambique-lng-cta-firma-acordo-com-associacao-empresarial-francesa-evolen\/\",\"url\":\"https:\/\/www.mozambiquelng.co.mz\/pt-pt\/comunicado-de-imprensa\/com-o-apoio-do-projecto-mozambique-lng-cta-firma-acordo-com-associacao-empresarial-francesa-evolen\/\",\"name\":\"Com o apoio do projecto Mozambique LNG: CTA firma acordo com associa\u00e7\u00e3o empresarial francesa EVOLEN - Mozambique LNG Project\",\"isPartOf\":{\"@id\":\"https:\/\/www.mozambiquelng.co.mz\/pt-pt\/#website\"},\"primaryImageOfPage\":{\"@id\":\"https:\/\/www.mozambiquelng.co.mz\/pt-pt\/comunicado-de-imprensa\/com-o-apoio-do-projecto-mozambique-lng-cta-firma-acordo-com-associacao-empresarial-francesa-evolen\/#primaryimage\"},\"image\":{\"@id\":\"https:\/\/www.mozambiquelng.co.mz\/pt-pt\/comunicado-de-imprensa\/com-o-apoio-do-projecto-mozambique-lng-cta-firma-acordo-com-associacao-empresarial-francesa-evolen\/#primaryimage\"},\"thumbnailUrl\":\"https:\/\/www.mozambiquelng.co.mz\/wp-content\/uploads\/2023\/10\/Assinatura-de-memorando.jpg\",\"datePublished\":\"2023-10-23T10:44:48+00:00\",\"dateModified\":\"2024-01-31T08:43:16+00:00\",\"breadcrumb\":{\"@id\":\"https:\/\/www.mozambiquelng.co.mz\/pt-pt\/comunicado-de-imprensa\/com-o-apoio-do-projecto-mozambique-lng-cta-firma-acordo-com-associacao-empresarial-francesa-evolen\/#breadcrumb\"},\"inLanguage\":\"pt-PT\",\"potentialAction\":[{\"@type\":\"ReadAction\",\"target\":[\"https:\/\/www.mozambiquelng.co.mz\/pt-pt\/comunicado-de-imprensa\/com-o-apoio-do-projecto-mozambique-lng-cta-firma-acordo-com-associacao-empresarial-francesa-evolen\/\"]}]},{\"@type\":\"ImageObject\",\"inLanguage\":\"pt-PT\",\"@id\":\"https:\/\/www.mozambiquelng.co.mz\/pt-pt\/comunicado-de-imprensa\/com-o-apoio-do-projecto-mozambique-lng-cta-firma-acordo-com-associacao-empresarial-francesa-evolen\/#primaryimage\",\"url\":\"https:\/\/www.mozambiquelng.co.mz\/wp-content\/uploads\/2023\/10\/Assinatura-de-memorando.jpg\",\"contentUrl\":\"https:\/\/www.mozambiquelng.co.mz\/wp-content\/uploads\/2023\/10\/Assinatura-de-memorando.jpg\",\"width\":1732,\"height\":1154},{\"@type\":\"BreadcrumbList\",\"@id\":\"https:\/\/www.mozambiquelng.co.mz\/pt-pt\/comunicado-de-imprensa\/com-o-apoio-do-projecto-mozambique-lng-cta-firma-acordo-com-associacao-empresarial-francesa-evolen\/#breadcrumb\",\"itemListElement\":[{\"@type\":\"ListItem\",\"position\":1,\"name\":\"Home\",\"item\":\"https:\/\/www.mozambiquelng.co.mz\/pt-pt\/\"},{\"@type\":\"ListItem\",\"position\":2,\"name\":\"Com o apoio do projecto Mozambique LNG: CTA firma acordo com associa\u00e7\u00e3o empresarial francesa EVOLEN\"}]},{\"@type\":\"WebSite\",\"@id\":\"https:\/\/www.mozambiquelng.co.mz\/pt-pt\/#website\",\"url\":\"https:\/\/www.mozambiquelng.co.mz\/pt-pt\/\",\"name\":\"Mozambique LNG Project\",\"description\":\"A long-term commitment with Mozambique\",\"potentialAction\":[{\"@type\":\"SearchAction\",\"target\":{\"@type\":\"EntryPoint\",\"urlTemplate\":\"https:\/\/www.mozambiquelng.co.mz\/pt-pt\/?s={search_term_string}\"},\"query-input\":{\"@type\":\"PropertyValueSpecification\",\"valueRequired\":true,\"valueName\":\"search_term_string\"}}],\"inLanguage\":\"pt-PT\"}]}<\/script>\n<!-- \/ Yoast SEO plugin. -->","yoast_head_json":{"title":"Com o apoio do projecto Mozambique LNG: CTA firma acordo com associa\u00e7\u00e3o empresarial francesa EVOLEN - Mozambique LNG Project","robots":{"index":"index","follow":"follow","max-snippet":"max-snippet:-1","max-image-preview":"max-image-preview:large","max-video-preview":"max-video-preview:-1"},"canonical":"https:\/\/www.mozambiquelng.co.mz\/pt-pt\/comunicado-de-imprensa\/com-o-apoio-do-projecto-mozambique-lng-cta-firma-acordo-com-associacao-empresarial-francesa-evolen\/","og_locale":"pt_PT","og_type":"article","og_title":"Com o apoio do projecto Mozambique LNG: CTA firma acordo com associa\u00e7\u00e3o empresarial francesa EVOLEN - Mozambique LNG Project","og_url":"https:\/\/www.mozambiquelng.co.mz\/pt-pt\/comunicado-de-imprensa\/com-o-apoio-do-projecto-mozambique-lng-cta-firma-acordo-com-associacao-empresarial-francesa-evolen\/","og_site_name":"Mozambique LNG Project","article_modified_time":"2024-01-31T08:43:16+00:00","og_image":[{"width":1732,"height":1154,"url":"https:\/\/www.mozambiquelng.co.mz\/wp-content\/uploads\/2023\/10\/Assinatura-de-memorando.jpg","type":"image\/jpeg"}],"twitter_card":"summary_large_image","schema":{"@context":"https:\/\/schema.org","@graph":[{"@type":"WebPage","@id":"https:\/\/www.mozambiquelng.co.mz\/pt-pt\/comunicado-de-imprensa\/com-o-apoio-do-projecto-mozambique-lng-cta-firma-acordo-com-associacao-empresarial-francesa-evolen\/","url":"https:\/\/www.mozambiquelng.co.mz\/pt-pt\/comunicado-de-imprensa\/com-o-apoio-do-projecto-mozambique-lng-cta-firma-acordo-com-associacao-empresarial-francesa-evolen\/","name":"Com o apoio do projecto Mozambique LNG: CTA firma acordo com associa\u00e7\u00e3o empresarial francesa EVOLEN - Mozambique LNG Project","isPartOf":{"@id":"https:\/\/www.mozambiquelng.co.mz\/pt-pt\/#website"},"primaryImageOfPage":{"@id":"https:\/\/www.mozambiquelng.co.mz\/pt-pt\/comunicado-de-imprensa\/com-o-apoio-do-projecto-mozambique-lng-cta-firma-acordo-com-associacao-empresarial-francesa-evolen\/#primaryimage"},"image":{"@id":"https:\/\/www.mozambiquelng.co.mz\/pt-pt\/comunicado-de-imprensa\/com-o-apoio-do-projecto-mozambique-lng-cta-firma-acordo-com-associacao-empresarial-francesa-evolen\/#primaryimage"},"thumbnailUrl":"https:\/\/www.mozambiquelng.co.mz\/wp-content\/uploads\/2023\/10\/Assinatura-de-memorando.jpg","datePublished":"2023-10-23T10:44:48+00:00","dateModified":"2024-01-31T08:43:16+00:00","breadcrumb":{"@id":"https:\/\/www.mozambiquelng.co.mz\/pt-pt\/comunicado-de-imprensa\/com-o-apoio-do-projecto-mozambique-lng-cta-firma-acordo-com-associacao-empresarial-francesa-evolen\/#breadcrumb"},"inLanguage":"pt-PT","potentialAction":[{"@type":"ReadAction","target":["https:\/\/www.mozambiquelng.co.mz\/pt-pt\/comunicado-de-imprensa\/com-o-apoio-do-projecto-mozambique-lng-cta-firma-acordo-com-associacao-empresarial-francesa-evolen\/"]}]},{"@type":"ImageObject","inLanguage":"pt-PT","@id":"https:\/\/www.mozambiquelng.co.mz\/pt-pt\/comunicado-de-imprensa\/com-o-apoio-do-projecto-mozambique-lng-cta-firma-acordo-com-associacao-empresarial-francesa-evolen\/#primaryimage","url":"https:\/\/www.mozambiquelng.co.mz\/wp-content\/uploads\/2023\/10\/Assinatura-de-memorando.jpg","contentUrl":"https:\/\/www.mozambiquelng.co.mz\/wp-content\/uploads\/2023\/10\/Assinatura-de-memorando.jpg","width":1732,"height":1154},{"@type":"BreadcrumbList","@id":"https:\/\/www.mozambiquelng.co.mz\/pt-pt\/comunicado-de-imprensa\/com-o-apoio-do-projecto-mozambique-lng-cta-firma-acordo-com-associacao-empresarial-francesa-evolen\/#breadcrumb","itemListElement":[{"@type":"ListItem","position":1,"name":"Home","item":"https:\/\/www.mozambiquelng.co.mz\/pt-pt\/"},{"@type":"ListItem","position":2,"name":"Com o apoio do projecto Mozambique LNG: CTA firma acordo com associa\u00e7\u00e3o empresarial francesa EVOLEN"}]},{"@type":"WebSite","@id":"https:\/\/www.mozambiquelng.co.mz\/pt-pt\/#website","url":"https:\/\/www.mozambiquelng.co.mz\/pt-pt\/","name":"Mozambique LNG Project","description":"A long-term commitment with Mozambique","potentialAction":[{"@type":"SearchAction","target":{"@type":"EntryPoint","urlTemplate":"https:\/\/www.mozambiquelng.co.mz\/pt-pt\/?s={search_term_string}"},"query-input":{"@type":"PropertyValueSpecification","valueRequired":true,"valueName":"search_term_string"}}],"inLanguage":"pt-PT"}]}},"_links":{"self":[{"href":"https:\/\/www.mozambiquelng.co.mz\/pt-pt\/wp-json\/wp\/v2\/press-release\/2885","targetHints":{"allow":["GET"]}}],"collection":[{"href":"https:\/\/www.mozambiquelng.co.mz\/pt-pt\/wp-json\/wp\/v2\/press-release"}],"about":[{"href":"https:\/\/www.mozambiquelng.co.mz\/pt-pt\/wp-json\/wp\/v2\/types\/press-release"}],"wp:featuredmedia":[{"embeddable":true,"href":"https:\/\/www.mozambiquelng.co.mz\/pt-pt\/wp-json\/wp\/v2\/media\/2493"}],"wp:attachment":[{"href":"https:\/\/www.mozambiquelng.co.mz\/pt-pt\/wp-json\/wp\/v2\/media?parent=2885"}],"wp:term":[{"taxonomy":"category","embeddable":true,"href":"https:\/\/www.mozambiquelng.co.mz\/pt-pt\/wp-json\/wp\/v2\/categories?post=2885"},{"taxonomy":"post_tag","embeddable":true,"href":"https:\/\/www.mozambiquelng.co.mz\/pt-pt\/wp-json\/wp\/v2\/tags?post=2885"}],"curies":[{"name":"wp","href":"https:\/\/api.w.org\/{rel}","templated":true}]}}